{"id":5563,"date":"2024-12-18T16:20:17","date_gmt":"2024-12-18T15:20:17","guid":{"rendered":"https:\/\/seniorlab.citilab.eu\/?p=5563"},"modified":"2025-02-03T15:40:14","modified_gmt":"2025-02-03T14:40:14","slug":"entrevista-de-manel-dominguez-amb-integrants-del-senior-lab-a-radio-4","status":"publish","type":"post","link":"http:\/\/seniorlab.citilab.eu\/?p=5563","title":{"rendered":"Entrevista de Manel Dom\u00ednguez amb integrants del Senior Lab a Radio 4"},"content":{"rendered":"<h4>En aquesta interessant entrevista es debaten sobre molts temes, tots relacionats amb les noves tecnologies i la gent gran. Dos integrants del S\u00e8nior Lab van acceptar la invitaci\u00f3 de <a href=\"https:\/\/editorialdieresis.com\/autores\/manel-dominguez\/\">Manel Dom\u00ednguez<\/a>, autor del llibre inspirat en la nostra comunitat d&#8217;aprenentatge &#8221; <a href=\"https:\/\/editorialdieresis.com\/producto\/senior\/\">S\u00e8nior, la vida que no cessa<\/a>&#8221; per explicar les seves experi\u00e8ncies en l&#8217;\u00fas de tecnologies com la intel\u00b7lig\u00e8ncia artificial i altres eines de creaci\u00f3 d&#8217;audiovisuals , tamb\u00e9 van esmentar l&#8217;estada que van fer a Manchester i H\u00e8lsinki, on van visitar altres projectes i laboratoris ciutadans.<\/h4>\n<p><span style=\"font-weight: 400;\"><style>\n       .errordiv { padding:10px; margin:10px; border: 1px solid #555555;color: #000000;background-color: #f8f8f8; width:500px; }#advanced_iframe {visibility:visible;opacity:1;vertical-align:top;}.ai-info-bottom-iframe { position: fixed; z-index: 10000; bottom:0; left: 0; margin: 0px; text-align: center; width: 100%; background-color: #ff9999; padding-left: 5px;padding-bottom: 5px; border-top: 1px solid #aaa } a.ai-bold {font-weight: bold;}#ai-layer-div-advanced_iframe p {height:100%;margin:0;padding:0}<\/style><script type=\"text\/javascript\">var ai_iframe_width_advanced_iframe = 0;var ai_iframe_height_advanced_iframe = 0;function aiReceiveMessageadvanced_iframe(event) {  aiProcessMessage(event,\"advanced_iframe\", \"true\",\"\",\"false\",\"false\");}if (window.addEventListener) {  window.addEventListener(\"message\", aiReceiveMessageadvanced_iframe);} else if (el.attachEvent)  {  el.attachEvent(\"message\", aiReceiveMessageadvanced_iframe);}var aiOnloadScrollTop=\"true\";var aiShowDebug=false;\n\t\tif (typeof aiReadyCallbacks === 'undefined') {\n\t\t\tvar aiReadyCallbacks = [];\n\t\t} else if (!(aiReadyCallbacks instanceof Array)) {\n\t\t\tvar aiReadyCallbacks = [];\n\t\t}    function aiShowIframeId(id_iframe) { jQuery(\"#\"+id_iframe).css(\"visibility\", \"visible\");    }    function aiResizeIframeHeight(height) { aiResizeIframeHeight(height,advanced_iframe); }    function aiResizeIframeHeightId(height,width,id) {aiResizeIframeHeightById(id,height);}<\/script><iframe id=\"advanced_iframe\"  name=\"advanced_iframe\"  src=\"\/\/www.rtve.es\/play\/audios\/sentit-de-viure\/robotica-assistencial-per-persones-grans\/16357459\/\"  width=\"100%\"  height=\"500\"  frameborder=\"0\"  border=\"0\"  allowtransparency=\"true\"  loading=\"lazy\"  style=\";border-width: 0px;;border: none;;width:100%;;height:500px;\" ><\/iframe><script type=\"text\/javascript\">var ifrm_advanced_iframe = document.getElementById(\"advanced_iframe\");var hiddenTabsDoneadvanced_iframe = false;\nfunction resizeCallbackadvanced_iframe() {}<\/script><script type=\"text\/javascript\"><\/script><p style=\"display:block !important; visibility:visible !important;margin: -18px 14px 0 0;padding-left: 3px;padding-top:3px;background: white; overflow: hidden; position: relative; line-height:15px;width: fit-content;\"><small style=\"display:block !important;visibility:visible !important\">powered by Advanced iFrame<\/small><\/p><\/span><\/p>\n","protected":false},"excerpt":{"rendered":"<p>En aquesta interessant entrevista es debaten sobre molts temes, tots relacionats amb les noves tecnologies i la gent gran. Dos integrants del S\u00e8nior Lab van acceptar la invitaci\u00f3 de Manel Dom\u00ednguez, autor del llibre inspirat en la nostra comunitat d&#8217;aprenentatge &#8221; S\u00e8nior, la vida que no cessa&#8221; per explicar les seves experi\u00e8ncies en l&#8217;\u00fas de [&hellip;]<\/p>\n","protected":false},"author":1,"featured_media":0,"comment_status":"open","ping_status":"open","sticky":false,"template":"","format":"standard","meta":{"footnotes":""},"categories":[47,40,10,11,65,1],"tags":[],"class_list":["post-5563","post","type-post","status-publish","format-standard","hentry","category-innovacio","category-media","category-senior-tic","category-seniorlab","category-seniorlab-2024","category-uncategorized"],"_links":{"self":[{"href":"http:\/\/seniorlab.citilab.eu\/index.php?rest_route=\/wp\/v2\/posts\/5563","targetHints":{"allow":["GET"]}}],"collection":[{"href":"http:\/\/seniorlab.citilab.eu\/index.php?rest_route=\/wp\/v2\/posts"}],"about":[{"href":"http:\/\/seniorlab.citilab.eu\/index.php?rest_route=\/wp\/v2\/types\/post"}],"author":[{"embeddable":true,"href":"http:\/\/seniorlab.citilab.eu\/index.php?rest_route=\/wp\/v2\/users\/1"}],"replies":[{"embeddable":true,"href":"http:\/\/seniorlab.citilab.eu\/index.php?rest_route=%2Fwp%2Fv2%2Fcomments&post=5563"}],"version-history":[{"count":7,"href":"http:\/\/seniorlab.citilab.eu\/index.php?rest_route=\/wp\/v2\/posts\/5563\/revisions"}],"predecessor-version":[{"id":5571,"href":"http:\/\/seniorlab.citilab.eu\/index.php?rest_route=\/wp\/v2\/posts\/5563\/revisions\/5571"}],"wp:attachment":[{"href":"http:\/\/seniorlab.citilab.eu\/index.php?rest_route=%2Fwp%2Fv2%2Fmedia&parent=5563"}],"wp:term":[{"taxonomy":"category","embeddable":true,"href":"http:\/\/seniorlab.citilab.eu\/index.php?rest_route=%2Fwp%2Fv2%2Fcategories&post=5563"},{"taxonomy":"post_tag","embeddable":true,"href":"http:\/\/seniorlab.citilab.eu\/index.php?rest_route=%2Fwp%2Fv2%2Ftags&post=5563"}],"curies":[{"name":"wp","href":"https:\/\/api.w.org\/{rel}","templated":true}]}}